{"id":537,"date":"2021-01-03T15:05:15","date_gmt":"2021-01-03T19:05:15","guid":{"rendered":"http:\/\/revista.vzpla.net\/?p=537"},"modified":"2021-01-03T15:14:43","modified_gmt":"2021-01-03T19:14:43","slug":"se-comienza-a-tomar-medidas-en-ia-para-mejorar-la-etica-en-la-investigacion","status":"publish","type":"post","link":"https:\/\/elvitraldelaciencia.org\/revista\/se-comienza-a-tomar-medidas-en-ia-para-mejorar-la-etica-en-la-investigacion\/","title":{"rendered":"SE COMIENZA A TOMAR MEDIDAS EN IA PARA MEJORAR LA \u00c9TICA EN LA INVESTIGACI\u00d3N"},"content":{"rendered":"<p><img loading=\"lazy\" decoding=\"async\" class=\"size-medium wp-image-538 alignleft\" src=\"https:\/\/elvitraldelaciencia.org\/revista\/\/wp-content\/uploads\/2021\/01\/etica-e-IA-300x165.jpg\" alt=\"\" width=\"300\" height=\"165\" srcset=\"https:\/\/elvitraldelaciencia.org\/revista\/wp-content\/uploads\/2021\/01\/etica-e-IA-300x165.jpg 300w, https:\/\/elvitraldelaciencia.org\/revista\/wp-content\/uploads\/2021\/01\/etica-e-IA.jpg 660w\" sizes=\"auto, (max-width: 300px) 100vw, 300px\" \/><\/p>\n<p style=\"text-align: justify;\"><span style=\"color: #800000;\">Por primera vez, la reuni\u00f3n de Sistemas de procesamiento de informaci\u00f3n neuronal (NeurIPS), que tuvo lugar completamente en l\u00ednea este mes, requiri\u00f3 que los presentadores presentaran una declaraci\u00f3n sobre el impacto m\u00e1s amplio que su investigaci\u00f3n podr\u00eda tener en la sociedad, incluidos los posibles efectos negativos. Esto es a ra\u00edz despu\u00e9s de un a\u00f1o de intenso escrutinio y una controversia aparentemente interminable en torno a las tecnolog\u00edas de inteligencia artificial (IA).<\/span><\/p>\n<p style=\"text-align: justify;\"><span style=\"color: #800000;\">Los organizadores tambi\u00e9n designaron un panel de revisores para examinar los art\u00edculos que plantearon preocupaciones \u00e9ticas, un proceso que podr\u00eda conducir a su rechazo.\u00a0<\/span><\/p>\n<p><span style=\"color: #800000;\">La necesaria decisi\u00f3n en esta reuni\u00f3n fue publicada en la prestigiosa revista <strong><em>Nature<\/em><\/strong><\/span><\/p>\n<p>&nbsp;<\/p>\n<p><a href=\"https:\/\/doi.org\/10.1038\/d41586-020-03611-8\"><span style=\"color: #800000; font-size: 14pt;\"><strong>link<\/strong><\/span><\/a><\/p>\n","protected":false},"excerpt":{"rendered":"<p>Por primera vez, la reuni\u00f3n de Sistemas de procesamiento de informaci\u00f3n neuronal (NeurIPS), que tuvo lugar completamente en l\u00ednea este mes, requiri\u00f3 que los presentadores presentaran una declaraci\u00f3n sobre el&hellip; <\/p>\n","protected":false},"author":2,"featured_media":542,"comment_status":"closed","ping_status":"closed","sticky":false,"template":"","format":"standard","meta":{"footnotes":""},"categories":[11,12,18],"tags":[],"class_list":["post-537","post","type-post","status-publish","format-standard","has-post-thumbnail","hentry","category-destacado","category-noti","category-porta"],"_links":{"self":[{"href":"https:\/\/elvitraldelaciencia.org\/revista\/wp-json\/wp\/v2\/posts\/537","targetHints":{"allow":["GET"]}}],"collection":[{"href":"https:\/\/elvitraldelaciencia.org\/revista\/wp-json\/wp\/v2\/posts"}],"about":[{"href":"https:\/\/elvitraldelaciencia.org\/revista\/wp-json\/wp\/v2\/types\/post"}],"author":[{"embeddable":true,"href":"https:\/\/elvitraldelaciencia.org\/revista\/wp-json\/wp\/v2\/users\/2"}],"replies":[{"embeddable":true,"href":"https:\/\/elvitraldelaciencia.org\/revista\/wp-json\/wp\/v2\/comments?post=537"}],"version-history":[{"count":0,"href":"https:\/\/elvitraldelaciencia.org\/revista\/wp-json\/wp\/v2\/posts\/537\/revisions"}],"wp:featuredmedia":[{"embeddable":true,"href":"https:\/\/elvitraldelaciencia.org\/revista\/wp-json\/wp\/v2\/media\/542"}],"wp:attachment":[{"href":"https:\/\/elvitraldelaciencia.org\/revista\/wp-json\/wp\/v2\/media?parent=537"}],"wp:term":[{"taxonomy":"category","embeddable":true,"href":"https:\/\/elvitraldelaciencia.org\/revista\/wp-json\/wp\/v2\/categories?post=537"},{"taxonomy":"post_tag","embeddable":true,"href":"https:\/\/elvitraldelaciencia.org\/revista\/wp-json\/wp\/v2\/tags?post=537"}],"curies":[{"name":"wp","href":"https:\/\/api.w.org\/{rel}","templated":true}]}}