{"id":652,"date":"2021-01-10T13:09:02","date_gmt":"2021-01-10T17:09:02","guid":{"rendered":"http:\/\/revista.vzpla.net\/?p=652"},"modified":"2021-01-10T13:10:46","modified_gmt":"2021-01-10T17:10:46","slug":"nicolas-maduro-asalto-al-capitolio-estadounidense-es-la-expresion-de-una-crisis-estructural-del-sistema-imperialista","status":"publish","type":"post","link":"https:\/\/elvitraldelaciencia.org\/revista\/nicolas-maduro-asalto-al-capitolio-estadounidense-es-la-expresion-de-una-crisis-estructural-del-sistema-imperialista\/","title":{"rendered":"Nicol\u00e1s Maduro: Asalto al Capitolio estadounidense es la expresi\u00f3n de una crisis estructural del sistema imperialista"},"content":{"rendered":"<p style=\"text-align: justify;\"><strong><img loading=\"lazy\" decoding=\"async\" class=\"size-medium wp-image-654 alignleft\" src=\"https:\/\/elvitraldelaciencia.org\/revista\/\/wp-content\/uploads\/2021\/01\/toma-congreso-2-300x200.jpg\" alt=\"\" width=\"300\" height=\"200\" srcset=\"https:\/\/elvitraldelaciencia.org\/revista\/wp-content\/uploads\/2021\/01\/toma-congreso-2-300x200.jpg 300w, https:\/\/elvitraldelaciencia.org\/revista\/wp-content\/uploads\/2021\/01\/toma-congreso-2-1024x683.jpg 1024w, https:\/\/elvitraldelaciencia.org\/revista\/wp-content\/uploads\/2021\/01\/toma-congreso-2-768x512.jpg 768w, https:\/\/elvitraldelaciencia.org\/revista\/wp-content\/uploads\/2021\/01\/toma-congreso-2-1536x1024.jpg 1536w, https:\/\/elvitraldelaciencia.org\/revista\/wp-content\/uploads\/2021\/01\/toma-congreso-2.jpg 2048w\" sizes=\"auto, (max-width: 300px) 100vw, 300px\" \/>Palacio de Miraflores, Caracas.-<\/strong>\u00a0\u201c\u00bfQui\u00e9n lo iba a decir? Del pa\u00eds donde surgen los golpes de Estado Parlamentarios y las invasiones, se les devolvi\u00f3\u201d, manifest\u00f3 el presidente venezolano, Nicol\u00e1s Maduro, al referirse al asalto al Capitolio estadounidense por parte de simpatizantes de Donald Trump.<\/p>\n<p style=\"text-align: justify;\">\u201cLo que se vio en Estados Unidos es lo que est\u00e1n acostumbrados hacer con los pa\u00edses del mundo (\u2026) invadiendo Irak, Vietnam, Afganist\u00e1n, Libia, Siria, Panam\u00e1\u201d, asaltando pueblos enteros, reflexion\u00f3.<\/p>\n<p style=\"text-align: justify;\">El presidente Maduro record\u00f3 que quien hoy llama a desconocer los resultados electorales y a una insurrecci\u00f3n en Estados Unidos, es el mismo Donald Trump que orden\u00f3 m\u00faltiples acciones para desestabilizar pol\u00edtica y econ\u00f3micamente a Venezuela, durante todo su mandato.<\/p>\n<p style=\"text-align: justify;\">\u201cEs el mismo Donald Trump que intent\u00f3 imponer en Venezuela el asalto al poder, que intent\u00f3 imponer un t\u00edtere, que intent\u00f3 asesinarme el 4 de agosto con unos drones, el mismo que intent\u00f3 asaltar la Asamblea Nacional cuando una mayor\u00eda decidi\u00f3 nombrar un nuevo presidente, es el mismo que intent\u00f3 incendiar a Venezuela en octubre y noviembre en complicidad con Iv\u00e1n Duque\u201d.<\/p>\n<p style=\"text-align: justify;\">El Dignatario venezolano adem\u00e1s asever\u00f3 que el actual inquilino de la Casa Blanca arremeti\u00f3 contra la estabilidad de Estados soberanos, entre ellos Bolivia, Cuba y Nicaragua, como parte de una pol\u00edtica imperial que va en contra del Derecho Internacional.<\/p>\n<p style=\"text-align: justify;\">\u201c-Donald Trump- orden\u00f3 derrocar y matar a Evo Morales Ayma en Bolivia, es el mismo que ataca a Cuba, a Nicaragua y que amenaza al mundo entero\u201d, sentenci\u00f3 al agregar que \u201ccuando se trata de agresi\u00f3n a otros pueblos \u2013los Estados Unidos- se hacen la vista gorda\u201d.<\/p>\n<p style=\"text-align: justify;\">Nicol\u00e1s Maduro lament\u00f3 lo que ocurre en territorio estadounidense que es el reflejo de una sociedad que esta encapsulada dentro de un sistema que va en contra de la paz, la no intervenci\u00f3n y la soberan\u00eda de los pueblos.<\/p>\n<p style=\"text-align: justify;\">\u201cEs la expresi\u00f3n de una inmensa crisis estructural, moral y pol\u00edtica del sistema de dominaci\u00f3n imperialista de los Estados Unidos, no tenemos ninguna duda, hay una crisis que ha llevado a una escalada de polarizaci\u00f3n y violencia (\u2026) entre una sociedad diversa, democr\u00e1tica, plural que quiere cambios y que cese la guerra, el hegemonismo, el supremacismo y una parte importante de la sociedad, que se ha concentrado alrededor de Donald Trump, que quiere todo lo contrario\u201d.<\/p>\n<p style=\"text-align: justify;\">Durante una reuni\u00f3n del Consejo de Defensa de la Naci\u00f3n, llevado a cabo este jueves en el Palacio de Miraflores, el Presidente venezolano abog\u00f3 porque Estados Unidos consiga el camino hacia la paz y cese la polarizaci\u00f3n.<\/p>\n<p><strong>Prensa Presidencial\/Bianca Borrero\u00a0<\/strong><\/p>\n","protected":false},"excerpt":{"rendered":"<p>Palacio de Miraflores, Caracas.-\u00a0\u201c\u00bfQui\u00e9n lo iba a decir? Del pa\u00eds donde surgen los golpes de Estado Parlamentarios y las invasiones, se les devolvi\u00f3\u201d, manifest\u00f3 el presidente venezolano, Nicol\u00e1s Maduro, al&hellip; <\/p>\n","protected":false},"author":2,"featured_media":653,"comment_status":"closed","ping_status":"closed","sticky":false,"template":"","format":"standard","meta":{"footnotes":""},"categories":[11,18,9],"tags":[],"class_list":["post-652","post","type-post","status-publish","format-standard","has-post-thumbnail","hentry","category-destacado","category-porta","category-ultima-hora"],"_links":{"self":[{"href":"https:\/\/elvitraldelaciencia.org\/revista\/wp-json\/wp\/v2\/posts\/652","targetHints":{"allow":["GET"]}}],"collection":[{"href":"https:\/\/elvitraldelaciencia.org\/revista\/wp-json\/wp\/v2\/posts"}],"about":[{"href":"https:\/\/elvitraldelaciencia.org\/revista\/wp-json\/wp\/v2\/types\/post"}],"author":[{"embeddable":true,"href":"https:\/\/elvitraldelaciencia.org\/revista\/wp-json\/wp\/v2\/users\/2"}],"replies":[{"embeddable":true,"href":"https:\/\/elvitraldelaciencia.org\/revista\/wp-json\/wp\/v2\/comments?post=652"}],"version-history":[{"count":0,"href":"https:\/\/elvitraldelaciencia.org\/revista\/wp-json\/wp\/v2\/posts\/652\/revisions"}],"wp:featuredmedia":[{"embeddable":true,"href":"https:\/\/elvitraldelaciencia.org\/revista\/wp-json\/wp\/v2\/media\/653"}],"wp:attachment":[{"href":"https:\/\/elvitraldelaciencia.org\/revista\/wp-json\/wp\/v2\/media?parent=652"}],"wp:term":[{"taxonomy":"category","embeddable":true,"href":"https:\/\/elvitraldelaciencia.org\/revista\/wp-json\/wp\/v2\/categories?post=652"},{"taxonomy":"post_tag","embeddable":true,"href":"https:\/\/elvitraldelaciencia.org\/revista\/wp-json\/wp\/v2\/tags?post=652"}],"curies":[{"name":"wp","href":"https:\/\/api.w.org\/{rel}","templated":true}]}}