{"id":881,"date":"2021-01-18T10:33:34","date_gmt":"2021-01-18T14:33:34","guid":{"rendered":"http:\/\/revista.vps.co.ve\/?p=881"},"modified":"2021-01-18T10:40:19","modified_gmt":"2021-01-18T14:40:19","slug":"jefe-de-la-oms-el-mundo-esta-al-borde-de-un-fracaso-moral-catastrofico","status":"publish","type":"post","link":"https:\/\/elvitraldelaciencia.org\/revista\/jefe-de-la-oms-el-mundo-esta-al-borde-de-un-fracaso-moral-catastrofico\/","title":{"rendered":"Jefe de la OMS: el mundo est\u00e1 al borde de un fracaso moral catastr\u00f3fico"},"content":{"rendered":"<p><img loading=\"lazy\" decoding=\"async\" class=\"alignleft wp-image-882 size-full\" src=\"https:\/\/elvitraldelaciencia.org\/revista\/\/\/wp-content\/uploads\/2021\/01\/solidaridad-y-vacunas.jpg\" alt=\"\" width=\"1420\" height=\"710\" srcset=\"https:\/\/elvitraldelaciencia.org\/revista\/wp-content\/uploads\/2021\/01\/solidaridad-y-vacunas.jpg 1420w, https:\/\/elvitraldelaciencia.org\/revista\/wp-content\/uploads\/2021\/01\/solidaridad-y-vacunas-300x150.jpg 300w, https:\/\/elvitraldelaciencia.org\/revista\/wp-content\/uploads\/2021\/01\/solidaridad-y-vacunas-1024x512.jpg 1024w, https:\/\/elvitraldelaciencia.org\/revista\/wp-content\/uploads\/2021\/01\/solidaridad-y-vacunas-768x384.jpg 768w\" sizes=\"auto, (max-width: 1420px) 100vw, 1420px\" \/>Las posibilidades de alcanzar una distribuci\u00f3n equitativa de las vacunas contra el coronavirus se encuentran gravemente amenazadas, expres\u00f3 este lunes el director general de la Organizaci\u00f3n Mundial de la Salud, Tedros Adhanom Ghebreyesus, durante una <a href=\"https:\/\/twitter.com\/WHO\/status\/1351102690500214784\" target=\"_blank\" rel=\"noopener noreferrer\">reuni\u00f3n<\/a>\u00a0de la junta ejecutiva de la entidad, celebrada en formato virtual.<\/p>\n<p>\u00abA medida que las primeras vacunas comienzan a ser utilizadas, la promesa de un acceso equitativo se encuentra en grave riesgo\u00bb, expres\u00f3.<\/p>\n<p>\u00abM\u00e1s de\u00a0<strong>39 millones de dosis<\/strong>\u00a0de vacunas han sido administradas en al menos 49 pa\u00edses con ingresos m\u00e1s altos. Solo 25 dosis han sido dadas en un pa\u00eds de bajos ingresos. No 25 millones, ni 25 mil:\u00a0<strong>veinticinco<\/strong>\u00ab, lament\u00f3.<\/p>\n<p>\u00abHemos asegurado 2.000 millones de dosis de cinco productores, con opciones a m\u00e1s de 1.000 dosis adicionales y apuntamos a comenzar las entregas en febrero. [El mecanismo] Covax est\u00e1 listo a cumplir con aquello para lo cual fue creado\u00bb, continu\u00f3.<\/p>\n<p>Y a\u00f1adi\u00f3: \u00abPero en las semanas recientes he escuchado de varios Estados miembros que han cuestionado si Covax recibir\u00e1 las vacunas que necesita y si los pa\u00edses de altos ingresos cumplir\u00e1n con las promesas que hicieron\u00bb.<\/p>\n<p>\u00abDebo ser franco:\u00a0<strong>el mundo est\u00e1 al borde de un fracaso moral catastr\u00f3fico<\/strong>\u00a0y el precio de este fracaso ser\u00e1 pagado con las vidas y los sustentos en los pa\u00edses m\u00e1s pobres\u00bb, advirti\u00f3.<\/p>\n<p>FUENTE:<span style=\"color: #0000ff;\"><strong> https:\/\/actualidad.rt.com\/actualidad\/380525-jefe-oms-distribucion-equitativa-vacunas-riesgo<\/strong><\/span><\/p>\n","protected":false},"excerpt":{"rendered":"<p>Las posibilidades de alcanzar una distribuci\u00f3n equitativa de las vacunas contra el coronavirus se encuentran gravemente amenazadas, expres\u00f3 este lunes el director general de la Organizaci\u00f3n Mundial de la Salud,&hellip; <\/p>\n","protected":false},"author":2,"featured_media":883,"comment_status":"closed","ping_status":"closed","sticky":false,"template":"","format":"standard","meta":{"footnotes":""},"categories":[11,12,18],"tags":[],"class_list":["post-881","post","type-post","status-publish","format-standard","has-post-thumbnail","hentry","category-destacado","category-noti","category-porta"],"_links":{"self":[{"href":"https:\/\/elvitraldelaciencia.org\/revista\/wp-json\/wp\/v2\/posts\/881","targetHints":{"allow":["GET"]}}],"collection":[{"href":"https:\/\/elvitraldelaciencia.org\/revista\/wp-json\/wp\/v2\/posts"}],"about":[{"href":"https:\/\/elvitraldelaciencia.org\/revista\/wp-json\/wp\/v2\/types\/post"}],"author":[{"embeddable":true,"href":"https:\/\/elvitraldelaciencia.org\/revista\/wp-json\/wp\/v2\/users\/2"}],"replies":[{"embeddable":true,"href":"https:\/\/elvitraldelaciencia.org\/revista\/wp-json\/wp\/v2\/comments?post=881"}],"version-history":[{"count":0,"href":"https:\/\/elvitraldelaciencia.org\/revista\/wp-json\/wp\/v2\/posts\/881\/revisions"}],"wp:featuredmedia":[{"embeddable":true,"href":"https:\/\/elvitraldelaciencia.org\/revista\/wp-json\/wp\/v2\/media\/883"}],"wp:attachment":[{"href":"https:\/\/elvitraldelaciencia.org\/revista\/wp-json\/wp\/v2\/media?parent=881"}],"wp:term":[{"taxonomy":"category","embeddable":true,"href":"https:\/\/elvitraldelaciencia.org\/revista\/wp-json\/wp\/v2\/categories?post=881"},{"taxonomy":"post_tag","embeddable":true,"href":"https:\/\/elvitraldelaciencia.org\/revista\/wp-json\/wp\/v2\/tags?post=881"}],"curies":[{"name":"wp","href":"https:\/\/api.w.org\/{rel}","templated":true}]}}