{"id":892,"date":"2021-01-22T06:57:40","date_gmt":"2021-01-22T10:57:40","guid":{"rendered":"http:\/\/revista.vps.co.ve\/?p=892"},"modified":"2021-01-22T22:28:00","modified_gmt":"2021-01-23T02:28:00","slug":"por-que-los-dias-parecen-mas-cortos-a-medida-que-envejecemos-la-ciencia-responde","status":"publish","type":"post","link":"https:\/\/elvitraldelaciencia.org\/revista\/por-que-los-dias-parecen-mas-cortos-a-medida-que-envejecemos-la-ciencia-responde\/","title":{"rendered":"\u00bfPor qu\u00e9 los d\u00edas parecen m\u00e1s cortos a medida que envejecemos? La ciencia responde"},"content":{"rendered":"<p><img loading=\"lazy\" decoding=\"async\" class=\"aligncenter wp-image-890 size-full\" src=\"https:\/\/elvitraldelaciencia.org\/revista\/\/\/wp-content\/uploads\/2021\/01\/La-fisica-explica-por-que-el-tiempo-vuela-a-medida-que-nos-hacemos-viejos.jpg\" alt=\"\" width=\"696\" height=\"494\" srcset=\"https:\/\/elvitraldelaciencia.org\/revista\/wp-content\/uploads\/2021\/01\/La-fisica-explica-por-que-el-tiempo-vuela-a-medida-que-nos-hacemos-viejos.jpg 696w, https:\/\/elvitraldelaciencia.org\/revista\/wp-content\/uploads\/2021\/01\/La-fisica-explica-por-que-el-tiempo-vuela-a-medida-que-nos-hacemos-viejos-300x213.jpg 300w\" sizes=\"auto, (max-width: 696px) 100vw, 696px\" \/><\/p>\n<p style=\"text-align: justify;\">\u00bfPor qu\u00e9 siente que el tiempo pasa m\u00e1s r\u00e1pido a medida que envejecemos? \u00bfCu\u00e1l es la base f\u00edsica de la impresi\u00f3n de que algunos d\u00edas son m\u00e1s lentos que otros? \u00bfPor qu\u00e9 tendemos a centrarnos en lo inusual (la sorpresa), no en lo siempre presente?\u00a0 Parte de las respuestas fueron publicadas en la revista\u00a0<a href=\"https:\/\/www.cambridge.org\/core\/journals\/european-review\/article\/why-the-days-seem-shorter-as-we-get-older\/2CB8EC9B0B30537230C7442B826E42F1\" target=\"_blank\" rel=\"noopener noreferrer\">European Review<\/a>, Este art\u00edculo desvela la base f\u00edsica de estas observaciones comunes. La raz\u00f3n es que el \u00abtiempo de reloj\u00bb medible no es el mismo que el tiempo percibido por la mente humana. El &#8216;tiempo de la mente&#8217; es una secuencia de im\u00e1genes, es decir, reflejos de la naturaleza que se alimentan de est\u00edmulos de \u00f3rganos sensoriales. La velocidad a la que se perciben los cambios en las im\u00e1genes mentales disminuye con la edad, debido a varias caracter\u00edsticas f\u00edsicas que cambian con la edad: frecuencia sac\u00e1dica, tama\u00f1o corporal, degradaci\u00f3n de las v\u00edas, etc.<\/p>\n<p style=\"text-align: justify;\">Adrian Bejan, un cient\u00edfico de la Universidad Duke en Estados Unidos, afirma haber descubierto la raz\u00f3n del por qu\u00e9 el tiempo durante la ni\u00f1ez y juventud parece tener m\u00e1s duraci\u00f3n que en la etapa de la madurez.<\/p>\n<p style=\"text-align: justify;\">De acuerdo a la investigaci\u00f3n, esto se debe a que\u00a0<strong>con el paso de los a\u00f1os disminuye la velocidad con la que procesamos las im\u00e1genes<\/strong>. Seg\u00fan el experto, la f\u00edsica se encuentra detr\u00e1s de este fen\u00f3meno de percepci\u00f3n del tiempo, y as\u00ed lo explica:<\/p>\n<blockquote><p><em><span style=\"color: #800000; font-size: 18pt;\"><strong>\u00ab<\/strong><\/span><span style=\"color: #800000;\">A menudo las personas se asombran de lo mucho que recuerdan los d\u00edas que parec\u00edan durar para siempre durante su juventud. Y no es que sus vivencias resultaran m\u00e1s profundas o m\u00e1s importantes, sino que en ese momento se procesaban con mayor rapidez<\/span><span style=\"font-size: 18pt; color: #800000;\"><strong>\u00ab<\/strong><\/span>.<\/em><\/p><\/blockquote>\n<p style=\"text-align: justify;\">Destaca el doctor Bejan que las transformaciones f\u00edsicas experimentadas por los nervios y las neuronas a medida que envejecen las personas juegan un papel fundamental en la percepci\u00f3n del tiempo.<\/p>\n<p style=\"text-align: justify;\">Estas redes de nervios y\u00a0<a title=\"Neurocient\u00edficos descubren una regi\u00f3n oculta del cerebro humano\" href=\"https:\/\/grandesmedios.com\/region-oculta-del-cerebro-humano\/\">neuronas<\/a>\u00a0se desarrollan, creciendo y volvi\u00e9ndose m\u00e1s complejas, por lo que\u00a0<strong>las se\u00f1ales deben recorrer cada vez caminos m\u00e1s extensos para llegar al cerebro<\/strong>. Adicionalmente, cuando estos canales comienzan a hacerse viejos y a entrar en un proceso de degradaci\u00f3n, el flujo de se\u00f1ales el\u00e9ctricas va adquiriendo una mayor resistencia.<\/p>\n<p style=\"text-align: justify;\"><img loading=\"lazy\" decoding=\"async\" class=\"alignleft size-medium wp-image-893\" src=\"https:\/\/elvitraldelaciencia.org\/revista\/\/\/wp-content\/uploads\/2021\/01\/neuronas-300x210.jpg\" alt=\"\" width=\"300\" height=\"210\" srcset=\"https:\/\/elvitraldelaciencia.org\/revista\/wp-content\/uploads\/2021\/01\/neuronas-300x210.jpg 300w, https:\/\/elvitraldelaciencia.org\/revista\/wp-content\/uploads\/2021\/01\/neuronas-768x538.jpg 768w, https:\/\/elvitraldelaciencia.org\/revista\/wp-content\/uploads\/2021\/01\/neuronas.jpg 793w\" sizes=\"auto, (max-width: 300px) 100vw, 300px\" \/><\/p>\n<p style=\"text-align: justify;\">Con el envejecimiento se reduce la velocidad de procesamiento de las im\u00e1genes en la mente, se\u00f1ala el cient\u00edfico.\u00a0<strong>El movimiento de los ojos de los ni\u00f1os es m\u00e1s frecuente que el de los adultos<\/strong>, por lo que adquieren mayor informaci\u00f3n y procesan las im\u00e1genes con m\u00e1s rapidez. Por otra parte, los adultos perciben que el tiempo transcurre m\u00e1s r\u00e1pido porque observan una menor cantidad de nuevas im\u00e1genes durante per\u00edodos iguales. El autor lo resume con la siguiente frase:<\/p>\n<blockquote><p><span style=\"color: #800000;\"><strong><em><span style=\"font-size: 18pt;\">\u00ab<\/span><\/em><\/strong><em>En la juventud los d\u00edas parec\u00edan durar m\u00e1s, porque la mente joven recibe m\u00e1s im\u00e1genes durante un d\u00eda que la misma mente en la madurez<\/em><strong><em><span style=\"font-size: 18pt;\">\u00ab<\/span>.<\/em><\/strong><\/span><\/p>\n<p>&nbsp;<\/p><\/blockquote>\n","protected":false},"excerpt":{"rendered":"<p>\u00bfPor qu\u00e9 siente que el tiempo pasa m\u00e1s r\u00e1pido a medida que envejecemos? \u00bfCu\u00e1l es la base f\u00edsica de la impresi\u00f3n de que algunos d\u00edas son m\u00e1s lentos que otros?&hellip; <\/p>\n","protected":false},"author":2,"featured_media":890,"comment_status":"closed","ping_status":"closed","sticky":false,"template":"","format":"standard","meta":{"footnotes":""},"categories":[13,11],"tags":[],"class_list":["post-892","post","type-post","status-publish","format-standard","has-post-thumbnail","hentry","category-arti","category-destacado"],"_links":{"self":[{"href":"https:\/\/elvitraldelaciencia.org\/revista\/wp-json\/wp\/v2\/posts\/892","targetHints":{"allow":["GET"]}}],"collection":[{"href":"https:\/\/elvitraldelaciencia.org\/revista\/wp-json\/wp\/v2\/posts"}],"about":[{"href":"https:\/\/elvitraldelaciencia.org\/revista\/wp-json\/wp\/v2\/types\/post"}],"author":[{"embeddable":true,"href":"https:\/\/elvitraldelaciencia.org\/revista\/wp-json\/wp\/v2\/users\/2"}],"replies":[{"embeddable":true,"href":"https:\/\/elvitraldelaciencia.org\/revista\/wp-json\/wp\/v2\/comments?post=892"}],"version-history":[{"count":0,"href":"https:\/\/elvitraldelaciencia.org\/revista\/wp-json\/wp\/v2\/posts\/892\/revisions"}],"wp:featuredmedia":[{"embeddable":true,"href":"https:\/\/elvitraldelaciencia.org\/revista\/wp-json\/wp\/v2\/media\/890"}],"wp:attachment":[{"href":"https:\/\/elvitraldelaciencia.org\/revista\/wp-json\/wp\/v2\/media?parent=892"}],"wp:term":[{"taxonomy":"category","embeddable":true,"href":"https:\/\/elvitraldelaciencia.org\/revista\/wp-json\/wp\/v2\/categories?post=892"},{"taxonomy":"post_tag","embeddable":true,"href":"https:\/\/elvitraldelaciencia.org\/revista\/wp-json\/wp\/v2\/tags?post=892"}],"curies":[{"name":"wp","href":"https:\/\/api.w.org\/{rel}","templated":true}]}}