{"id":942,"date":"2021-01-26T06:50:41","date_gmt":"2021-01-26T10:50:41","guid":{"rendered":"http:\/\/revista.vps.co.ve\/?p=942"},"modified":"2021-01-28T10:02:33","modified_gmt":"2021-01-28T14:02:33","slug":"la-oms-investiga-por-que-fallo-el-sistema-mundial-de-alerta-de-pandemia-cuando-llego-el-covid19","status":"publish","type":"post","link":"https:\/\/elvitraldelaciencia.org\/revista\/la-oms-investiga-por-que-fallo-el-sistema-mundial-de-alerta-de-pandemia-cuando-llego-el-covid19\/","title":{"rendered":"LA OMS INVESTIGA POR QUE FALL\u00d3 EL SISTEMA MUNDIAL DE ALERTA DE PANDEMIA CUANDO LLEG\u00d3 EL COVID19."},"content":{"rendered":"<p style=\"text-align: justify;\"><span style=\"color: #800000;\"><strong>Hace casi un a\u00f1o, la Organizaci\u00f3n Mundial de la Salud dio la alarma sobre el coronavirus, pero fue ignorada.<\/strong><\/span><\/p>\n<p style=\"text-align: justify;\">La Organizaci\u00f3n Mundial de la Salud<img loading=\"lazy\" decoding=\"async\" class=\"alignleft size-medium wp-image-943\" src=\"https:\/\/elvitraldelaciencia.org\/revista\/\/\/wp-content\/uploads\/2021\/01\/OMS-Y-PANDEMIA-300x200.jpg\" alt=\"\" width=\"300\" height=\"200\" srcset=\"https:\/\/elvitraldelaciencia.org\/revista\/wp-content\/uploads\/2021\/01\/OMS-Y-PANDEMIA-300x200.jpg 300w, https:\/\/elvitraldelaciencia.org\/revista\/wp-content\/uploads\/2021\/01\/OMS-Y-PANDEMIA-768x512.jpg 768w, https:\/\/elvitraldelaciencia.org\/revista\/wp-content\/uploads\/2021\/01\/OMS-Y-PANDEMIA.jpg 800w\" sizes=\"auto, (max-width: 300px) 100vw, 300px\" \/> (OMS) hizo sonar su m\u00e1xima alarma el 30 de enero de 2020: una declaraci\u00f3n denominada \u00ab emergencia de salud p\u00fablica de importancia internacional \u00bb, o ESPII, que indica que una pandemia podr\u00eda ser inminente.\u00a0Pocos pa\u00edses respondieron al llamado de la OMS de realizar pruebas, rastreo y distanciamiento social para frenar el coronavirus.\u00a0A mediados de marzo, se hab\u00eda extendido por todo el mundo.\u00a0Ahora, los funcionarios de salud e investigadores est\u00e1n evaluando por qu\u00e9 fall\u00f3 el sistema de alerta de la organizaci\u00f3n y c\u00f3mo revisarlo.<\/p>\n<p>Los detalles de esta importante noticia se publicar\u00e1n en el primer numero de la revista \u00ab<span style=\"color: #800000;\"><strong>El Vitral de la Ciencia<\/strong><\/span>\u00bb (febrero).<\/p>\n<p>&nbsp;<\/p>\n","protected":false},"excerpt":{"rendered":"<p>Hace casi un a\u00f1o, la Organizaci\u00f3n Mundial de la Salud dio la alarma sobre el coronavirus, pero fue ignorada. La Organizaci\u00f3n Mundial de la Salud (OMS) hizo sonar su m\u00e1xima&hellip; <\/p>\n","protected":false},"author":2,"featured_media":943,"comment_status":"closed","ping_status":"closed","sticky":false,"template":"","format":"standard","meta":{"footnotes":""},"categories":[16,11],"tags":[],"class_list":["post-942","post","type-post","status-publish","format-standard","has-post-thumbnail","hentry","category-avan","category-destacado"],"_links":{"self":[{"href":"https:\/\/elvitraldelaciencia.org\/revista\/wp-json\/wp\/v2\/posts\/942","targetHints":{"allow":["GET"]}}],"collection":[{"href":"https:\/\/elvitraldelaciencia.org\/revista\/wp-json\/wp\/v2\/posts"}],"about":[{"href":"https:\/\/elvitraldelaciencia.org\/revista\/wp-json\/wp\/v2\/types\/post"}],"author":[{"embeddable":true,"href":"https:\/\/elvitraldelaciencia.org\/revista\/wp-json\/wp\/v2\/users\/2"}],"replies":[{"embeddable":true,"href":"https:\/\/elvitraldelaciencia.org\/revista\/wp-json\/wp\/v2\/comments?post=942"}],"version-history":[{"count":0,"href":"https:\/\/elvitraldelaciencia.org\/revista\/wp-json\/wp\/v2\/posts\/942\/revisions"}],"wp:featuredmedia":[{"embeddable":true,"href":"https:\/\/elvitraldelaciencia.org\/revista\/wp-json\/wp\/v2\/media\/943"}],"wp:attachment":[{"href":"https:\/\/elvitraldelaciencia.org\/revista\/wp-json\/wp\/v2\/media?parent=942"}],"wp:term":[{"taxonomy":"category","embeddable":true,"href":"https:\/\/elvitraldelaciencia.org\/revista\/wp-json\/wp\/v2\/categories?post=942"},{"taxonomy":"post_tag","embeddable":true,"href":"https:\/\/elvitraldelaciencia.org\/revista\/wp-json\/wp\/v2\/tags?post=942"}],"curies":[{"name":"wp","href":"https:\/\/api.w.org\/{rel}","templated":true}]}}