{"id":949,"date":"2021-01-26T19:37:48","date_gmt":"2021-01-26T23:37:48","guid":{"rendered":"http:\/\/revista.vps.co.ve\/?p=949"},"modified":"2021-04-18T21:27:18","modified_gmt":"2021-04-19T01:27:18","slug":"el-vitral-de-la-ciencia-no1v1","status":"publish","type":"post","link":"https:\/\/elvitraldelaciencia.org\/revista\/el-vitral-de-la-ciencia-no1v1\/","title":{"rendered":"El Vitral de la Ciencia, Vol 1. N\u00ba1. (2021)."},"content":{"rendered":"<p><img loading=\"lazy\" decoding=\"async\" class=\"alignleft size-medium wp-image-1346\" src=\"https:\/\/elvitraldelaciencia.org\/revista\/\/\/wp-content\/uploads\/2021\/01\/portada-2-3-212x300.png\" alt=\"\" width=\"212\" height=\"300\" srcset=\"https:\/\/elvitraldelaciencia.org\/revista\/wp-content\/uploads\/2021\/01\/portada-2-3-212x300.png 212w, https:\/\/elvitraldelaciencia.org\/revista\/wp-content\/uploads\/2021\/01\/portada-2-3.png 623w\" sizes=\"auto, (max-width: 212px) 100vw, 212px\" \/><\/p>\n<p>&nbsp;<\/p>\n<p>&nbsp;<\/p>\n<p>&nbsp;<\/p>\n<p><strong>V<\/strong><strong>olumen 1 (N\u00ba 1). A\u00f1o 2021<br \/>\n<\/strong><\/p>\n<p><a href=\"https:\/\/drive.google.com\/file\/d\/16IIl-UnUz3YN-FfeGA9vCaLENJu2DGkN\/view\" target=\"_blank\" rel=\"noopener\">PDF<\/a><\/p>\n<p>&nbsp;<\/p>\n<h2><\/h2>\n<p>&nbsp;<\/p>\n<p>&nbsp;<\/p>\n<p><img loading=\"lazy\" decoding=\"async\" class=\"aligncenter wp-image-1353 size-large\" src=\"https:\/\/elvitraldelaciencia.org\/revista\/\/\/wp-content\/uploads\/2021\/01\/articulo-vacuna-rusa-1024x351.png\" alt=\"\" width=\"1024\" height=\"351\" srcset=\"https:\/\/elvitraldelaciencia.org\/revista\/wp-content\/uploads\/2021\/01\/articulo-vacuna-rusa-1024x351.png 1024w, https:\/\/elvitraldelaciencia.org\/revista\/wp-content\/uploads\/2021\/01\/articulo-vacuna-rusa-300x103.png 300w, https:\/\/elvitraldelaciencia.org\/revista\/wp-content\/uploads\/2021\/01\/articulo-vacuna-rusa-768x263.png 768w, https:\/\/elvitraldelaciencia.org\/revista\/wp-content\/uploads\/2021\/01\/articulo-vacuna-rusa.png 1201w\" sizes=\"auto, (max-width: 1024px) 100vw, 1024px\" \/><\/p>\n<p><span style=\"color: #800000;\"><strong>LA VACUNA RUSA SPUTNIK V VA VIENTO EN POPA<\/strong><\/span><\/p>\n<p>Nuevamente la vacuna rusa contra el coronavirus. la Sputnik V, ha causado revuelo en los medios de comunicaci\u00f3n internacionales, en el mundo cient\u00edfico y pol\u00edtico, cuando el gobierno ruso anunci\u00f3 esta semana (02 de febrero) que ya fueron publicados los resultados de la Fase III de la vacuna en la prestigiosa revista cient\u00edfica The Lancet.<\/p>\n<p>Desde la aparici\u00f3n de la vacuna rusa en el horizonte sanitario global se propici\u00f3 una inmediata campa\u00f1a de descr\u00e9dito con evidentes tintes geopol\u00edticos, que ahora se ve forzada a remitir. En este corto art\u00edculo, queremos dar detalles de tales resultados, a partir de la fuente original, y por supuesto, exponer las absurdas posiciones de la prensa, e incluso, de cient\u00edficos \u201cprestigiosos\u201d, que aun con las evidencias publicadas, no cambiar\u00e1n su posici\u00f3n.<\/p>\n<p><a href=\"https:\/\/elvitraldelaciencia.org\/revista\/\/\/wp-content\/uploads\/2021\/01\/articulo-vacuna.pdf\">Ver articulo completo<\/a><\/p>\n<p style=\"text-align: left;\" align=\"center\"><strong><span style=\"color: #800000; font-size: 18pt;\">LA FAJA PETROL\u00cdFERA <\/span><\/strong><br \/>\n<strong><span style=\"color: #800000; font-size: 18pt;\">DEL ORINOCO<\/span><\/strong><\/p>\n<p style=\"text-align: left;\" align=\"center\"><span style=\"color: #800000;\"><strong>Una Zona Econ\u00f3mica Especial que requiere de Docentes e Investigadores.<\/strong><\/span><\/p>\n<p style=\"text-align: justify;\" align=\"center\"><img loading=\"lazy\" decoding=\"async\" class=\"alignleft wp-image-1356 size-full\" src=\"https:\/\/elvitraldelaciencia.org\/revista\/\/\/wp-content\/uploads\/2021\/01\/la-faja-del-orinoco.png\" alt=\"\" width=\"653\" height=\"368\" srcset=\"https:\/\/elvitraldelaciencia.org\/revista\/wp-content\/uploads\/2021\/01\/la-faja-del-orinoco.png 653w, https:\/\/elvitraldelaciencia.org\/revista\/wp-content\/uploads\/2021\/01\/la-faja-del-orinoco-300x169.png 300w\" sizes=\"auto, (max-width: 653px) 100vw, 653px\" \/>A partir de un informe del Servicio Geol\u00f3gico de los Estados Unidos (2010), del cual, presenta la estimaci\u00f3n \u201cpromedio\u201d de 1 bill\u00f3n quinientos mil millones de barriles de petr\u00f3leo existentes en la Faja del Orinoco, Venezuela se ubicaba como el pa\u00eds con la mayor acumulaci\u00f3n petrolera del mundo, por lo que el 31 de diciembre de ese mismo a\u00f1o, la Organizaci\u00f3n de Pa\u00edses Exportadores de Petr\u00f3leo (OPEP) oficializ\u00f3 el trabajo de certificaci\u00f3n de las reservas petroleras que realiz\u00f3 el Ministerio de Petr\u00f3leo y Miner\u00eda (Potell\u00e1, C. Petr\u00f3leo Venezolano: Recursos, Reservas y Fantas\u00edas (I). 2017. https:\/\/www.aporrea.org\/energia\/a253811.html).<\/p>\n<p style=\"text-align: justify;\">Consecuentemente, la materializaci\u00f3n de reservas probadas a partir de esa inmensidad petrolera es un reto permanente de investigaci\u00f3n, an\u00e1lisis de factibilidad, desarrollo tecnol\u00f3gico, defensa de los precios y sobre todo, una gran capacidad para poner los pies sobre la tierra y eludir las fantas\u00edas productivistas.<\/p>\n<p style=\"text-align: justify;\">En este orden de ideas, se sobreentiende que se requiere para mediano y largo plazo, el talento humano venezolano formado que va a cubrir los procesos complejos de la industria petrolera, y mucho m\u00e1s, para enfrentar los grandes retos de la explotaci\u00f3n petrol\u00edfera de la Faja del Orinoco. Para formar esas futuras generaciones se requieren ahora de formadores, especialistas e investigadores, por lo que las Instituciones de Educaci\u00f3n universitarias (IEU) tienen una enorme responsabilidad para cubrir esta gran necesidad para los altos intereses del pa\u00eds.<\/p>\n<p><a href=\"https:\/\/elvitraldelaciencia.org\/revista\/\/\/wp-content\/uploads\/2021\/01\/la-faja-del-orinoco.pdf\">Ver art\u00edculo completo<\/a><\/p>\n<p>&nbsp;<\/p>\n<p><strong><span style=\"font-size: 14pt; color: #800000;\">LA GUERRA <\/span><\/strong><strong><span style=\"font-size: 14pt; color: #800000;\">DE <\/span><\/strong><strong><span style=\"font-size: 14pt; color: #800000;\">LAS VACUNAS Y <\/span><\/strong><strong><span style=\"font-size: 14pt; color: #800000;\">SU DISTRIBUCI\u00d3N MUNDIAL<\/span><\/strong><\/p>\n<p><strong><span style=\"color: #3366ff;\">SI NO HAY <\/span><\/strong><br \/>\n<strong><span style=\"color: #3366ff;\">SOLIDARIDAD, NO HAY CURA<\/span><\/strong><\/p>\n<p><img loading=\"lazy\" decoding=\"async\" class=\"alignleft size-medium wp-image-1373\" src=\"https:\/\/elvitraldelaciencia.org\/revista\/\/\/wp-content\/uploads\/2021\/01\/vacuna-mundo-200x300.jpeg\" alt=\"\" width=\"200\" height=\"300\" srcset=\"https:\/\/elvitraldelaciencia.org\/revista\/wp-content\/uploads\/2021\/01\/vacuna-mundo-200x300.jpeg 200w, https:\/\/elvitraldelaciencia.org\/revista\/wp-content\/uploads\/2021\/01\/vacuna-mundo.jpeg 500w\" sizes=\"auto, (max-width: 200px) 100vw, 200px\" \/><\/p>\n<p>Iniciamos el a\u00f1o 2021, cumpli\u00e9ndose un a\u00f1o de la pandemia COVID-19, con la expectativa de lograr contenerla, puesto que ya a finales del 2020, se inici\u00f3 un proceso de vacunaci\u00f3n masiva, en diferentes regiones del mundo, tales como. Rusia, Reino Unido, China. Posteriormente lo hicieron pa\u00edses como Estados Unidos, Italia, Espa\u00f1a, Israel, Portugal, entre otros pa\u00edses Europeos. En Latinoam\u00e9rica iniciaron la vacunaci\u00f3n Brasil, Argentina, Costa Rica, M\u00e9xico y Chile.<\/p>\n<p style=\"text-align: left;\" align=\"center\">Es importante revisar el panorama de la distribuci\u00f3n de las mismas a nivel mundial: \u00bfser\u00e1 posible que se logre vacunar a la mayor\u00eda de la poblaci\u00f3n en el 2021? \u00bfQu\u00e9 se est\u00e1 haciendo para ello?, \u00bfEs su distribuci\u00f3n equitativa? En el siguiente art\u00edculo expondremos detalles de este vital tema.<\/p>\n<p style=\"text-align: left;\" align=\"center\"><a href=\"https:\/\/elvitraldelaciencia.org\/revista\/\/\/wp-content\/uploads\/2021\/01\/articulo-guerra-vacunas.pdf\">ver art\u00edculo completo\u00a0<\/a><\/p>\n<p align=\"center\"><span style=\"font-size: 14pt; color: #800000;\"><strong><img loading=\"lazy\" decoding=\"async\" class=\"alignleft size-medium wp-image-1375\" src=\"https:\/\/elvitraldelaciencia.org\/revista\/\/\/wp-content\/uploads\/2021\/01\/ALERGIAS-Y-ABEJAS-200x300.jpeg\" alt=\"\" width=\"200\" height=\"300\" srcset=\"https:\/\/elvitraldelaciencia.org\/revista\/wp-content\/uploads\/2021\/01\/ALERGIAS-Y-ABEJAS-200x300.jpeg 200w, https:\/\/elvitraldelaciencia.org\/revista\/wp-content\/uploads\/2021\/01\/ALERGIAS-Y-ABEJAS-682x1024.jpeg 682w, https:\/\/elvitraldelaciencia.org\/revista\/wp-content\/uploads\/2021\/01\/ALERGIAS-Y-ABEJAS-768x1153.jpeg 768w, https:\/\/elvitraldelaciencia.org\/revista\/wp-content\/uploads\/2021\/01\/ALERGIAS-Y-ABEJAS.jpeg 866w\" sizes=\"auto, (max-width: 200px) 100vw, 200px\" \/><\/strong><\/span><\/p>\n<p align=\"center\"><span style=\"font-size: 14pt; color: #800000;\"><strong>LAS ALERGIAS <\/strong><\/span><br \/>\n<span style=\"font-size: 14pt; color: #800000;\"><strong>\u00daltimos Avances de la Ciencia<\/strong><\/span><\/p>\n<p style=\"text-align: left;\" align=\"center\">William Frankland, quien populariz\u00f3 el conteo de polen y muri\u00f3 a principios de este a\u00f1o a los 108 a\u00f1os, compar\u00f3 el papel de un alerg\u00f3logo con el de un detective. Los poderes superiores de observaci\u00f3n, los encuentros casuales y el rechazo de la evidencia que inicialmente parece convincente han aportado avances en la medicina de la alergia.<\/p>\n<p style=\"text-align: left;\" align=\"center\"><a href=\"https:\/\/elvitraldelaciencia.org\/revista\/\/\/wp-content\/uploads\/2021\/01\/articulo-alergia.pdf\">Ver art\u00edculo completo<\/a><\/p>\n<p align=\"center\">\n","protected":false},"excerpt":{"rendered":"<p>&nbsp; &nbsp; &nbsp; Volumen 1 (N\u00ba 1). A\u00f1o 2021 PDF &nbsp; &nbsp; &nbsp; LA VACUNA RUSA SPUTNIK V VA VIENTO EN POPA Nuevamente la vacuna rusa contra el coronavirus. la&hellip; <\/p>\n","protected":false},"author":1,"featured_media":987,"comment_status":"closed","ping_status":"closed","sticky":false,"template":"","format":"standard","meta":{"footnotes":""},"categories":[11,22,21],"tags":[],"class_list":["post-949","post","type-post","status-publish","format-standard","has-post-thumbnail","hentry","category-destacado","category-vitral","category-publi"],"_links":{"self":[{"href":"https:\/\/elvitraldelaciencia.org\/revista\/wp-json\/wp\/v2\/posts\/949","targetHints":{"allow":["GET"]}}],"collection":[{"href":"https:\/\/elvitraldelaciencia.org\/revista\/wp-json\/wp\/v2\/posts"}],"about":[{"href":"https:\/\/elvitraldelaciencia.org\/revista\/wp-json\/wp\/v2\/types\/post"}],"author":[{"embeddable":true,"href":"https:\/\/elvitraldelaciencia.org\/revista\/wp-json\/wp\/v2\/users\/1"}],"replies":[{"embeddable":true,"href":"https:\/\/elvitraldelaciencia.org\/revista\/wp-json\/wp\/v2\/comments?post=949"}],"version-history":[{"count":0,"href":"https:\/\/elvitraldelaciencia.org\/revista\/wp-json\/wp\/v2\/posts\/949\/revisions"}],"wp:featuredmedia":[{"embeddable":true,"href":"https:\/\/elvitraldelaciencia.org\/revista\/wp-json\/wp\/v2\/media\/987"}],"wp:attachment":[{"href":"https:\/\/elvitraldelaciencia.org\/revista\/wp-json\/wp\/v2\/media?parent=949"}],"wp:term":[{"taxonomy":"category","embeddable":true,"href":"https:\/\/elvitraldelaciencia.org\/revista\/wp-json\/wp\/v2\/categories?post=949"},{"taxonomy":"post_tag","embeddable":true,"href":"https:\/\/elvitraldelaciencia.org\/revista\/wp-json\/wp\/v2\/tags?post=949"}],"curies":[{"name":"wp","href":"https:\/\/api.w.org\/{rel}","templated":true}]}}