{"id":996,"date":"2021-01-29T09:33:22","date_gmt":"2021-01-29T13:33:22","guid":{"rendered":"http:\/\/revista.vps.co.ve\/?p=996"},"modified":"2021-01-30T21:48:21","modified_gmt":"2021-01-31T01:48:21","slug":"covid-19-redujo-la-esperanza-de-vida-en-los-estados-unidos-especialmente-entre-las-poblaciones-negras-y-latinas","status":"publish","type":"post","link":"https:\/\/elvitraldelaciencia.org\/revista\/covid-19-redujo-la-esperanza-de-vida-en-los-estados-unidos-especialmente-entre-las-poblaciones-negras-y-latinas\/","title":{"rendered":"COVID-19 redujo la esperanza de vida en los Estados Unidos, especialmente entre las poblaciones negras y latinas"},"content":{"rendered":"<p style=\"text-align: justify;\"><img loading=\"lazy\" decoding=\"async\" class=\"alignleft size-medium wp-image-997\" src=\"https:\/\/elvitraldelaciencia.org\/revista\/\/\/wp-content\/uploads\/2021\/01\/etnias-latinas-y-covid19-300x300.jpg\" alt=\"\" width=\"300\" height=\"300\" srcset=\"https:\/\/elvitraldelaciencia.org\/revista\/wp-content\/uploads\/2021\/01\/etnias-latinas-y-covid19-300x300.jpg 300w, https:\/\/elvitraldelaciencia.org\/revista\/wp-content\/uploads\/2021\/01\/etnias-latinas-y-covid19-150x150.jpg 150w, https:\/\/elvitraldelaciencia.org\/revista\/wp-content\/uploads\/2021\/01\/etnias-latinas-y-covid19-65x65.jpg 65w, https:\/\/elvitraldelaciencia.org\/revista\/wp-content\/uploads\/2021\/01\/etnias-latinas-y-covid19.jpg 340w\" sizes=\"auto, (max-width: 300px) 100vw, 300px\" \/>Investigadores de la Universidad de California (USC) y Princeton hallaron que la pandemia de COVID-19, que se cobr\u00f3 m\u00e1s de 336.000 vidas en los Estados Unidos en 2020, ha afectado significativamente la esperanza de vida. El estudio fue publicado en \u00a0<strong>Proceedings of the National Academy of Sciences <\/strong>(<span style=\"color: #800000;\"><em>Theresa Andrasfay, Noreen Goldman. <strong>Reductions in 2020 US life expectancy due to COVID-19 and the disproportionate impact on the Black and Latino populations<\/strong>.\u00a0Proceedings of the National Academy of Sciences, 2021; 118 (5): e2014746118 DOI:\u00a0<\/em><\/span><a href=\"http:\/\/dx.doi.org\/10.1073\/pnas.2014746118\" target=\"_blank\" rel=\"nofollow noopener\"><span style=\"color: #800000;\"><em>10.1073\/pnas.2014746118<\/em><\/span>).\u00a0<\/a>Los resultados permiten proyectar, debido a las muertes pand\u00e9micas del a\u00f1o pasado, que la esperanza de vida al nacer para los estadounidenses se reducir\u00e1 en 1,13 a\u00f1os a 77,48 a\u00f1os, representando la mayor disminuci\u00f3n de la esperanza de vida en un a\u00f1o en al menos 40 a\u00f1os y es la esperanza de vida m\u00e1s baja estimada desde 2003.<\/p>\n<p style=\"text-align: justify;\">Es probable que la disminuci\u00f3n de la esperanza de vida sea a\u00fan m\u00e1s pronunciada entre las poblaciones minoritarias.\u00a0Para los negros, los investigadores proyectan que su esperanza de vida se reducir\u00eda en 2,10 a\u00f1os a 72,78 a\u00f1os, y para los latinos, en 3,05 a\u00f1os a 78,77 a\u00f1os. En general, se prev\u00e9 que la brecha en la esperanza de vida entre negros y blancos se ampl\u00ede en un 40%, de 3,6 a m\u00e1s de 5 a\u00f1os, una prueba m\u00e1s del impacto dispar de la enfermedad en las poblaciones desfavorecidas.<\/p>\n<p style=\"text-align: justify;\">La autora del estudio <strong>Theresa Andrasfay<\/strong>, becaria postdoctoral en la Escuela de Gerontolog\u00eda Leonard Davis de la USC. \u00ab<span style=\"color: #800000;\">El efecto desproporcionado de la pandemia COVID-19 en la esperanza de vida de los afroamericanos y latinos probablemente tenga que ver con su mayor exposici\u00f3n a trav\u00e9s de su lugar de trabajo o contactos familiares extendidos, adem\u00e1s de recibir una atenci\u00f3n m\u00e9dica m\u00e1s deficiente, lo que lleva a m\u00e1s infecciones y peores resultados<\/span>\u00ab.<\/p>\n<p style=\"text-align: justify;\">\u00ab<span style=\"color: #800000;\">La enorme disminuci\u00f3n en la esperanza de vida de los latinos es especialmente impactante dado que los latinos tienen tasas m\u00e1s bajas que las poblaciones blancas y negras de la mayor\u00eda de las enfermedades cr\u00f3nicas que son factores de riesgo de COVID-19<\/span>\u00ab, dijo la coautora del estudio <strong>Noreen Goldman. <\/strong>Mientras que<strong> Hughes-Rogers,<\/strong> Profesor de Demograf\u00eda y Asuntos P\u00fablicos en la Escuela de Asuntos P\u00fablicos e Internacionales de Princeton, expres\u00f3 \u00ab<span style=\"color: #800000;\">La buena salud general de los latinos antes de la pandemia, que deber\u00eda haberlos protegido del COVID-19, ha puesto al descubierto los riesgos asociados con las desventajas sociales y econ\u00f3micas<\/span>\u00ab.<\/p>\n<p style=\"text-align: justify;\">Los autores del estudio estimaron la esperanza de vida al nacer y a los 65 a\u00f1os para 2020 para la poblaci\u00f3n total de EE. UU (por raza y etnia). Utilizaron cuatro escenarios de muertes: uno en el que no se hab\u00eda producido la pandemia de COVID-19 y otros tres que incluyen proyecciones de mortalidad de COVID-19 del Instituto de M\u00e9tricas y Evaluaci\u00f3n de la Salud, un centro independiente de investigaci\u00f3n de salud global de la Universidad de Washington.<\/p>\n<p style=\"text-align: justify;\">\u00ab<span style=\"color: #800000;\">Las mayores reducciones en la esperanza de vida de las poblaciones negras y latinas se deben en parte a un n\u00famero desproporcionado de muertes a edades m\u00e1s tempranas para estos grupo<\/span>s\u00bb, dijo Goldman.\u00a0\u00ab<span style=\"color: #800000;\">Estos hallazgos subrayan la necesidad de programas y comportamientos protectores para reducir la exposici\u00f3n viral potencial entre las personas m\u00e1s j\u00f3venes que pueden no percibirse como de alto riesgo<\/span>\u00ab.<\/p>\n<p style=\"text-align: justify;\">\u00ab<span style=\"color: #800000;\">Si bien la llegada de vacunas efectivas es esperanzadora, Estados Unidos est\u00e1 experimentando actualmente m\u00e1s muertes diarias por COVID-19 que en cualquier otro punto de la pandemia<\/span>\u00ab, dijo Andrasfay.\u00a0\u00ab<span style=\"color: #800000;\">Por eso, y debido a que esperamos que haya efectos econ\u00f3micos y de salud a largo plazo que pueden resultar en una peor mortalidad durante muchos a\u00f1os, esperamos que haya efectos persistentes en la esperanza de vida en 2021<\/span>\u00ab.<\/p>\n<p>&nbsp;<\/p>\n","protected":false},"excerpt":{"rendered":"<p>Investigadores de la Universidad de California (USC) y Princeton hallaron que la pandemia de COVID-19, que se cobr\u00f3 m\u00e1s de 336.000 vidas en los Estados Unidos en 2020, ha afectado&hellip; <\/p>\n","protected":false},"author":2,"featured_media":998,"comment_status":"closed","ping_status":"closed","sticky":false,"template":"","format":"standard","meta":{"footnotes":""},"categories":[11,12,18],"tags":[],"class_list":["post-996","post","type-post","status-publish","format-standard","has-post-thumbnail","hentry","category-destacado","category-noti","category-porta"],"_links":{"self":[{"href":"https:\/\/elvitraldelaciencia.org\/revista\/wp-json\/wp\/v2\/posts\/996","targetHints":{"allow":["GET"]}}],"collection":[{"href":"https:\/\/elvitraldelaciencia.org\/revista\/wp-json\/wp\/v2\/posts"}],"about":[{"href":"https:\/\/elvitraldelaciencia.org\/revista\/wp-json\/wp\/v2\/types\/post"}],"author":[{"embeddable":true,"href":"https:\/\/elvitraldelaciencia.org\/revista\/wp-json\/wp\/v2\/users\/2"}],"replies":[{"embeddable":true,"href":"https:\/\/elvitraldelaciencia.org\/revista\/wp-json\/wp\/v2\/comments?post=996"}],"version-history":[{"count":0,"href":"https:\/\/elvitraldelaciencia.org\/revista\/wp-json\/wp\/v2\/posts\/996\/revisions"}],"wp:featuredmedia":[{"embeddable":true,"href":"https:\/\/elvitraldelaciencia.org\/revista\/wp-json\/wp\/v2\/media\/998"}],"wp:attachment":[{"href":"https:\/\/elvitraldelaciencia.org\/revista\/wp-json\/wp\/v2\/media?parent=996"}],"wp:term":[{"taxonomy":"category","embeddable":true,"href":"https:\/\/elvitraldelaciencia.org\/revista\/wp-json\/wp\/v2\/categories?post=996"},{"taxonomy":"post_tag","embeddable":true,"href":"https:\/\/elvitraldelaciencia.org\/revista\/wp-json\/wp\/v2\/tags?post=996"}],"curies":[{"name":"wp","href":"https:\/\/api.w.org\/{rel}","templated":true}]}}